{"id":2058,"date":"2023-01-15T09:39:01","date_gmt":"2023-01-15T07:39:01","guid":{"rendered":"https:\/\/www.citric.ws\/projects\/txell\/taller-de-respiracion\/"},"modified":"2023-08-10T13:01:15","modified_gmt":"2023-08-10T11:01:15","slug":"taller-de-respiracion","status":"publish","type":"post","link":"https:\/\/www.herbessalvatges.com\/es\/taller-de-respiracion\/","title":{"rendered":"Taller de respiraci\u00f3n"},"content":{"rendered":"\t\t<div data-elementor-type=\"wp-post\" data-elementor-id=\"2058\" class=\"elementor elementor-2058 elementor-1305\">\n\t\t\t\t\t\t<section class=\"elementor-section elementor-top-section elementor-element elementor-element-594a22d3 elementor-section-boxed elementor-section-height-default elementor-section-height-default parallax_section_no qode_elementor_container_no\" data-id=\"594a22d3\" data-element_type=\"section\">\n\t\t\t\t\t\t<div class=\"elementor-container elementor-column-gap-default\">\n\t\t\t\t\t<div class=\"elementor-column elementor-col-100 elementor-top-column elementor-element elementor-element-34dce730\" data-id=\"34dce730\" data-element_type=\"column\">\n\t\t\t<div class=\"elementor-widget-wrap elementor-element-populated\">\n\t\t\t\t\t\t<div class=\"elementor-element elementor-element-d369a44 elementor-widget elementor-widget-text-editor\" data-id=\"d369a44\" data-element_type=\"widget\" data-widget_type=\"text-editor.default\">\n\t\t\t\t<div class=\"elementor-widget-container\">\n\t\t\t\t\t\t\t\t\t<figure class=\"wp-block-image size-large\"><img decoding=\"async\" class=\"wp-image-1359\" src=\"https:\/\/www.herbessalvatges.com\/wp-content\/uploads\/2022\/10\/AM_6155-1-1-edited-scaled.jpg\" alt=\"\"><\/figure>\n<h2 class=\"has-medium-font-size\">Taller online 1 hora de duraci\u00f3n y un coste de 25\u20ac.<\/h2>\n<h2 class=\"has-large-font-size\">La importancia de una buena respiraci\u00f3n para asegurar la salud de tu cuerpo<\/h2>\n<h2 class=\"has-medium-font-size\" style=\"font-style: italic; font-weight: 600;\">El arte de inspirar y soltar al exhalar.<\/h2>\n<p>Respirar es un acto autom\u00e1tico, un acto reflejo.<\/p>\n<p>Es lo primero que hacemos al nacer: INHALAR y lo \u00faltimo que hacemos al soltar la vida: EXHALAR.<\/p>\n<p>Y aunque nos pasemos el d\u00eda respirando no sabemos. <\/p>\n<p>Quiero decir, quien dirige nuestra respiraci\u00f3n, quien la conduce es nuestro sistema nervioso central.<\/p>\n<p>A partir de ejercicios f\u00e1ciles de respiraci\u00f3n consciente podemos mejorar nuestra gesti\u00f3n del estr\u00e9s, nuestra digesti\u00f3n e incluso nuestra ansiedad por la comida.<\/p>\n<p>En este Taller aprender\u00e1s a distinguir entre tu respirarci\u00f3n cuotidina y la ideal.<\/p>\n<p>Obtendr\u00e1s herramientas que te facilitaran recuperar el equilibrio y la serenidad incluso en momentos de m\u00e1ximo estr\u00e9s.<\/p>\n<p>Respirar conscientmente inclusive ayuda a calmar los pensaminetos en bucle que tanta energia nos roban.<\/p>\n<p>Ven a respirar conmigo!<\/p>\n<p>Ap\u00fantate!<\/p>\n\t\t\t\t\t\t\t\t<\/div>\n\t\t\t\t<\/div>\n\t\t\t\t\t<\/div>\n\t\t<\/div>\n\t\t\t\t\t<\/div>\n\t\t<\/section>\n\t\t\t\t<\/div>\n\t\t","protected":false},"excerpt":{"rendered":"<p>Taller online 1 hora de duraci\u00f3n y un coste de 25\u20ac. La importancia de una buena respiraci\u00f3n para asegurar la salud de tu cuerpo El&#8230;<\/p>\n","protected":false},"author":2,"featured_media":1921,"comment_status":"closed","ping_status":"closed","sticky":false,"template":"","format":"standard","meta":{"_monsterinsights_skip_tracking":false,"_monsterinsights_sitenote_active":false,"_monsterinsights_sitenote_note":"","_monsterinsights_sitenote_category":0,"_joinchat":[],"footnotes":""},"categories":[39],"tags":[],"class_list":["post-2058","post","type-post","status-publish","format-standard","has-post-thumbnail","hentry","category-talleres"],"yoast_head":"<!-- This site is optimized with the Yoast SEO plugin v26.5 - https:\/\/yoast.com\/wordpress\/plugins\/seo\/ -->\n<title>Taller de respiraci\u00f3n - Herbes Salvatges<\/title>\n<meta name=\"description\" content=\"En el Taller de respiraci\u00f3n de Salut Conscient te explicamos la importancia de una buena respirarci\u00f3n para asegurarte una salud \u00f3ptima.\" \/>\n<meta name=\"robots\" content=\"index, follow, max-snippet:-1, max-image-preview:large, max-video-preview:-1\" \/>\n<link rel=\"canonical\" href=\"https:\/\/www.herbessalvatges.com\/es\/taller-de-respiracion\/\" \/>\n<meta property=\"og:locale\" content=\"es_ES\" \/>\n<meta property=\"og:type\" content=\"article\" \/>\n<meta property=\"og:title\" content=\"Taller de respiraci\u00f3n - Herbes Salvatges\" \/>\n<meta property=\"og:description\" content=\"En el Taller de respiraci\u00f3n de Salut Conscient te explicamos la importancia de una buena respirarci\u00f3n para asegurarte una salud \u00f3ptima.\" \/>\n<meta property=\"og:url\" content=\"https:\/\/www.herbessalvatges.com\/es\/taller-de-respiracion\/\" \/>\n<meta property=\"og:site_name\" content=\"Herbes Salvatges\" \/>\n<meta property=\"article:published_time\" content=\"2023-01-15T07:39:01+00:00\" \/>\n<meta property=\"article:modified_time\" content=\"2023-08-10T11:01:15+00:00\" \/>\n<meta property=\"og:image\" content=\"https:\/\/www.herbessalvatges.com\/wp-content\/uploads\/2022\/10\/AM_6155-1-2-scaled-e1666765455613.jpg\" \/>\n\t<meta property=\"og:image:width\" content=\"1145\" \/>\n\t<meta property=\"og:image:height\" content=\"2067\" \/>\n\t<meta property=\"og:image:type\" content=\"image\/jpeg\" \/>\n<meta name=\"author\" content=\"Txell Vi\u00f1als\" \/>\n<meta name=\"twitter:card\" content=\"summary_large_image\" \/>\n<meta name=\"twitter:label1\" content=\"Escrito por\" \/>\n\t<meta name=\"twitter:data1\" content=\"Txell Vi\u00f1als\" \/>\n\t<meta name=\"twitter:label2\" content=\"Tiempo de lectura\" \/>\n\t<meta name=\"twitter:data2\" content=\"1 minuto\" \/>\n<script type=\"application\/ld+json\" class=\"yoast-schema-graph\">{\"@context\":\"https:\/\/schema.org\",\"@graph\":[{\"@type\":\"Article\",\"@id\":\"https:\/\/www.herbessalvatges.com\/es\/taller-de-respiracion\/#article\",\"isPartOf\":{\"@id\":\"https:\/\/www.herbessalvatges.com\/es\/taller-de-respiracion\/\"},\"author\":{\"name\":\"Txell Vi\u00f1als\",\"@id\":\"https:\/\/www.herbessalvatges.com\/es\/#\/schema\/person\/005dcdcb9145d20fef83658d04989025\"},\"headline\":\"Taller de respiraci\u00f3n\",\"datePublished\":\"2023-01-15T07:39:01+00:00\",\"dateModified\":\"2023-08-10T11:01:15+00:00\",\"mainEntityOfPage\":{\"@id\":\"https:\/\/www.herbessalvatges.com\/es\/taller-de-respiracion\/\"},\"wordCount\":172,\"publisher\":{\"@id\":\"https:\/\/www.herbessalvatges.com\/es\/#organization\"},\"image\":{\"@id\":\"https:\/\/www.herbessalvatges.com\/es\/taller-de-respiracion\/#primaryimage\"},\"thumbnailUrl\":\"https:\/\/www.herbessalvatges.com\/wp-content\/uploads\/2022\/10\/AM_6155-1-2-scaled-e1666765455613.jpg\",\"articleSection\":[\"Los talleres de Txell\"],\"inLanguage\":\"es\"},{\"@type\":\"WebPage\",\"@id\":\"https:\/\/www.herbessalvatges.com\/es\/taller-de-respiracion\/\",\"url\":\"https:\/\/www.herbessalvatges.com\/es\/taller-de-respiracion\/\",\"name\":\"Taller de respiraci\u00f3n - Herbes Salvatges\",\"isPartOf\":{\"@id\":\"https:\/\/www.herbessalvatges.com\/es\/#website\"},\"primaryImageOfPage\":{\"@id\":\"https:\/\/www.herbessalvatges.com\/es\/taller-de-respiracion\/#primaryimage\"},\"image\":{\"@id\":\"https:\/\/www.herbessalvatges.com\/es\/taller-de-respiracion\/#primaryimage\"},\"thumbnailUrl\":\"https:\/\/www.herbessalvatges.com\/wp-content\/uploads\/2022\/10\/AM_6155-1-2-scaled-e1666765455613.jpg\",\"datePublished\":\"2023-01-15T07:39:01+00:00\",\"dateModified\":\"2023-08-10T11:01:15+00:00\",\"description\":\"En el Taller de respiraci\u00f3n de Salut Conscient te explicamos la importancia de una buena respirarci\u00f3n para asegurarte una salud \u00f3ptima.\",\"breadcrumb\":{\"@id\":\"https:\/\/www.herbessalvatges.com\/es\/taller-de-respiracion\/#breadcrumb\"},\"inLanguage\":\"es\",\"potentialAction\":[{\"@type\":\"ReadAction\",\"target\":[\"https:\/\/www.herbessalvatges.com\/es\/taller-de-respiracion\/\"]}]},{\"@type\":\"ImageObject\",\"inLanguage\":\"es\",\"@id\":\"https:\/\/www.herbessalvatges.com\/es\/taller-de-respiracion\/#primaryimage\",\"url\":\"https:\/\/www.herbessalvatges.com\/wp-content\/uploads\/2022\/10\/AM_6155-1-2-scaled-e1666765455613.jpg\",\"contentUrl\":\"https:\/\/www.herbessalvatges.com\/wp-content\/uploads\/2022\/10\/AM_6155-1-2-scaled-e1666765455613.jpg\",\"width\":1145,\"height\":2067,\"caption\":\"Txell-Vi\u00f1als\"},{\"@type\":\"BreadcrumbList\",\"@id\":\"https:\/\/www.herbessalvatges.com\/es\/taller-de-respiracion\/#breadcrumb\",\"itemListElement\":[{\"@type\":\"ListItem\",\"position\":1,\"name\":\"Home\",\"item\":\"https:\/\/www.herbessalvatges.com\/es\/espacio-terapeutico-para-mejorar-tu-bienestar\/\"},{\"@type\":\"ListItem\",\"position\":2,\"name\":\"Taller de respiraci\u00f3n\"}]},{\"@type\":\"WebSite\",\"@id\":\"https:\/\/www.herbessalvatges.com\/es\/#website\",\"url\":\"https:\/\/www.herbessalvatges.com\/es\/\",\"name\":\"Salut Conscient\",\"description\":\"Espai terap\u00e8utic per millorar el teu benestar amb Naturopatia, alimentaci\u00f3 conscient i suplementaci\u00f3 natural.\",\"publisher\":{\"@id\":\"https:\/\/www.herbessalvatges.com\/es\/#organization\"},\"potentialAction\":[{\"@type\":\"SearchAction\",\"target\":{\"@type\":\"EntryPoint\",\"urlTemplate\":\"https:\/\/www.herbessalvatges.com\/es\/?s={search_term_string}\"},\"query-input\":{\"@type\":\"PropertyValueSpecification\",\"valueRequired\":true,\"valueName\":\"search_term_string\"}}],\"inLanguage\":\"es\"},{\"@type\":\"Organization\",\"@id\":\"https:\/\/www.herbessalvatges.com\/es\/#organization\",\"name\":\"Salut Conscient\",\"url\":\"https:\/\/www.herbessalvatges.com\/es\/\",\"logo\":{\"@type\":\"ImageObject\",\"inLanguage\":\"es\",\"@id\":\"https:\/\/www.herbessalvatges.com\/es\/#\/schema\/logo\/image\/\",\"url\":\"https:\/\/www.herbessalvatges.com\/wp-content\/uploads\/2022\/10\/logo-txell.png\",\"contentUrl\":\"https:\/\/www.herbessalvatges.com\/wp-content\/uploads\/2022\/10\/logo-txell.png\",\"width\":866,\"height\":102,\"caption\":\"Salut Conscient\"},\"image\":{\"@id\":\"https:\/\/www.herbessalvatges.com\/es\/#\/schema\/logo\/image\/\"}},{\"@type\":\"Person\",\"@id\":\"https:\/\/www.herbessalvatges.com\/es\/#\/schema\/person\/005dcdcb9145d20fef83658d04989025\",\"name\":\"Txell Vi\u00f1als\",\"image\":{\"@type\":\"ImageObject\",\"inLanguage\":\"es\",\"@id\":\"https:\/\/www.herbessalvatges.com\/es\/#\/schema\/person\/image\/\",\"url\":\"https:\/\/secure.gravatar.com\/avatar\/18a44bf2abf53d94645921d8b796fa8a6d7a3b8eba1bd736cdc7822d480a0e46?s=96&d=mm&r=g\",\"contentUrl\":\"https:\/\/secure.gravatar.com\/avatar\/18a44bf2abf53d94645921d8b796fa8a6d7a3b8eba1bd736cdc7822d480a0e46?s=96&d=mm&r=g\",\"caption\":\"Txell Vi\u00f1als\"},\"sameAs\":[\"http:\/\/herbessalvatges.com\"],\"url\":\"https:\/\/www.herbessalvatges.com\/es\/author\/salutconscient\/\"}]}<\/script>\n<!-- \/ Yoast SEO plugin. -->","yoast_head_json":{"title":"Taller de respiraci\u00f3n - Herbes Salvatges","description":"En el Taller de respiraci\u00f3n de Salut Conscient te explicamos la importancia de una buena respirarci\u00f3n para asegurarte una salud \u00f3ptima.","robots":{"index":"index","follow":"follow","max-snippet":"max-snippet:-1","max-image-preview":"max-image-preview:large","max-video-preview":"max-video-preview:-1"},"canonical":"https:\/\/www.herbessalvatges.com\/es\/taller-de-respiracion\/","og_locale":"es_ES","og_type":"article","og_title":"Taller de respiraci\u00f3n - Herbes Salvatges","og_description":"En el Taller de respiraci\u00f3n de Salut Conscient te explicamos la importancia de una buena respirarci\u00f3n para asegurarte una salud \u00f3ptima.","og_url":"https:\/\/www.herbessalvatges.com\/es\/taller-de-respiracion\/","og_site_name":"Herbes Salvatges","article_published_time":"2023-01-15T07:39:01+00:00","article_modified_time":"2023-08-10T11:01:15+00:00","og_image":[{"width":1145,"height":2067,"url":"https:\/\/www.herbessalvatges.com\/wp-content\/uploads\/2022\/10\/AM_6155-1-2-scaled-e1666765455613.jpg","type":"image\/jpeg"}],"author":"Txell Vi\u00f1als","twitter_card":"summary_large_image","twitter_misc":{"Escrito por":"Txell Vi\u00f1als","Tiempo de lectura":"1 minuto"},"schema":{"@context":"https:\/\/schema.org","@graph":[{"@type":"Article","@id":"https:\/\/www.herbessalvatges.com\/es\/taller-de-respiracion\/#article","isPartOf":{"@id":"https:\/\/www.herbessalvatges.com\/es\/taller-de-respiracion\/"},"author":{"name":"Txell Vi\u00f1als","@id":"https:\/\/www.herbessalvatges.com\/es\/#\/schema\/person\/005dcdcb9145d20fef83658d04989025"},"headline":"Taller de respiraci\u00f3n","datePublished":"2023-01-15T07:39:01+00:00","dateModified":"2023-08-10T11:01:15+00:00","mainEntityOfPage":{"@id":"https:\/\/www.herbessalvatges.com\/es\/taller-de-respiracion\/"},"wordCount":172,"publisher":{"@id":"https:\/\/www.herbessalvatges.com\/es\/#organization"},"image":{"@id":"https:\/\/www.herbessalvatges.com\/es\/taller-de-respiracion\/#primaryimage"},"thumbnailUrl":"https:\/\/www.herbessalvatges.com\/wp-content\/uploads\/2022\/10\/AM_6155-1-2-scaled-e1666765455613.jpg","articleSection":["Los talleres de Txell"],"inLanguage":"es"},{"@type":"WebPage","@id":"https:\/\/www.herbessalvatges.com\/es\/taller-de-respiracion\/","url":"https:\/\/www.herbessalvatges.com\/es\/taller-de-respiracion\/","name":"Taller de respiraci\u00f3n - Herbes Salvatges","isPartOf":{"@id":"https:\/\/www.herbessalvatges.com\/es\/#website"},"primaryImageOfPage":{"@id":"https:\/\/www.herbessalvatges.com\/es\/taller-de-respiracion\/#primaryimage"},"image":{"@id":"https:\/\/www.herbessalvatges.com\/es\/taller-de-respiracion\/#primaryimage"},"thumbnailUrl":"https:\/\/www.herbessalvatges.com\/wp-content\/uploads\/2022\/10\/AM_6155-1-2-scaled-e1666765455613.jpg","datePublished":"2023-01-15T07:39:01+00:00","dateModified":"2023-08-10T11:01:15+00:00","description":"En el Taller de respiraci\u00f3n de Salut Conscient te explicamos la importancia de una buena respirarci\u00f3n para asegurarte una salud \u00f3ptima.","breadcrumb":{"@id":"https:\/\/www.herbessalvatges.com\/es\/taller-de-respiracion\/#breadcrumb"},"inLanguage":"es","potentialAction":[{"@type":"ReadAction","target":["https:\/\/www.herbessalvatges.com\/es\/taller-de-respiracion\/"]}]},{"@type":"ImageObject","inLanguage":"es","@id":"https:\/\/www.herbessalvatges.com\/es\/taller-de-respiracion\/#primaryimage","url":"https:\/\/www.herbessalvatges.com\/wp-content\/uploads\/2022\/10\/AM_6155-1-2-scaled-e1666765455613.jpg","contentUrl":"https:\/\/www.herbessalvatges.com\/wp-content\/uploads\/2022\/10\/AM_6155-1-2-scaled-e1666765455613.jpg","width":1145,"height":2067,"caption":"Txell-Vi\u00f1als"},{"@type":"BreadcrumbList","@id":"https:\/\/www.herbessalvatges.com\/es\/taller-de-respiracion\/#breadcrumb","itemListElement":[{"@type":"ListItem","position":1,"name":"Home","item":"https:\/\/www.herbessalvatges.com\/es\/espacio-terapeutico-para-mejorar-tu-bienestar\/"},{"@type":"ListItem","position":2,"name":"Taller de respiraci\u00f3n"}]},{"@type":"WebSite","@id":"https:\/\/www.herbessalvatges.com\/es\/#website","url":"https:\/\/www.herbessalvatges.com\/es\/","name":"Salut Conscient","description":"Espai terap\u00e8utic per millorar el teu benestar amb Naturopatia, alimentaci\u00f3 conscient i suplementaci\u00f3 natural.","publisher":{"@id":"https:\/\/www.herbessalvatges.com\/es\/#organization"},"potentialAction":[{"@type":"SearchAction","target":{"@type":"EntryPoint","urlTemplate":"https:\/\/www.herbessalvatges.com\/es\/?s={search_term_string}"},"query-input":{"@type":"PropertyValueSpecification","valueRequired":true,"valueName":"search_term_string"}}],"inLanguage":"es"},{"@type":"Organization","@id":"https:\/\/www.herbessalvatges.com\/es\/#organization","name":"Salut Conscient","url":"https:\/\/www.herbessalvatges.com\/es\/","logo":{"@type":"ImageObject","inLanguage":"es","@id":"https:\/\/www.herbessalvatges.com\/es\/#\/schema\/logo\/image\/","url":"https:\/\/www.herbessalvatges.com\/wp-content\/uploads\/2022\/10\/logo-txell.png","contentUrl":"https:\/\/www.herbessalvatges.com\/wp-content\/uploads\/2022\/10\/logo-txell.png","width":866,"height":102,"caption":"Salut Conscient"},"image":{"@id":"https:\/\/www.herbessalvatges.com\/es\/#\/schema\/logo\/image\/"}},{"@type":"Person","@id":"https:\/\/www.herbessalvatges.com\/es\/#\/schema\/person\/005dcdcb9145d20fef83658d04989025","name":"Txell Vi\u00f1als","image":{"@type":"ImageObject","inLanguage":"es","@id":"https:\/\/www.herbessalvatges.com\/es\/#\/schema\/person\/image\/","url":"https:\/\/secure.gravatar.com\/avatar\/18a44bf2abf53d94645921d8b796fa8a6d7a3b8eba1bd736cdc7822d480a0e46?s=96&d=mm&r=g","contentUrl":"https:\/\/secure.gravatar.com\/avatar\/18a44bf2abf53d94645921d8b796fa8a6d7a3b8eba1bd736cdc7822d480a0e46?s=96&d=mm&r=g","caption":"Txell Vi\u00f1als"},"sameAs":["http:\/\/herbessalvatges.com"],"url":"https:\/\/www.herbessalvatges.com\/es\/author\/salutconscient\/"}]}},"_links":{"self":[{"href":"https:\/\/www.herbessalvatges.com\/es\/wp-json\/wp\/v2\/posts\/2058","targetHints":{"allow":["GET"]}}],"collection":[{"href":"https:\/\/www.herbessalvatges.com\/es\/wp-json\/wp\/v2\/posts"}],"about":[{"href":"https:\/\/www.herbessalvatges.com\/es\/wp-json\/wp\/v2\/types\/post"}],"author":[{"embeddable":true,"href":"https:\/\/www.herbessalvatges.com\/es\/wp-json\/wp\/v2\/users\/2"}],"replies":[{"embeddable":true,"href":"https:\/\/www.herbessalvatges.com\/es\/wp-json\/wp\/v2\/comments?post=2058"}],"version-history":[{"count":5,"href":"https:\/\/www.herbessalvatges.com\/es\/wp-json\/wp\/v2\/posts\/2058\/revisions"}],"predecessor-version":[{"id":2567,"href":"https:\/\/www.herbessalvatges.com\/es\/wp-json\/wp\/v2\/posts\/2058\/revisions\/2567"}],"wp:featuredmedia":[{"embeddable":true,"href":"https:\/\/www.herbessalvatges.com\/es\/wp-json\/wp\/v2\/media\/1921"}],"wp:attachment":[{"href":"https:\/\/www.herbessalvatges.com\/es\/wp-json\/wp\/v2\/media?parent=2058"}],"wp:term":[{"taxonomy":"category","embeddable":true,"href":"https:\/\/www.herbessalvatges.com\/es\/wp-json\/wp\/v2\/categories?post=2058"},{"taxonomy":"post_tag","embeddable":true,"href":"https:\/\/www.herbessalvatges.com\/es\/wp-json\/wp\/v2\/tags?post=2058"}],"curies":[{"name":"wp","href":"https:\/\/api.w.org\/{rel}","templated":true}]}}